{"id":12297,"date":"2023-09-06T17:06:58","date_gmt":"2023-09-06T15:06:58","guid":{"rendered":"https:\/\/fondation-farm.org\/?post_type=actualite&#038;p=12297"},"modified":"2023-09-29T09:42:31","modified_gmt":"2023-09-29T07:42:31","slug":"inscription-table-ronde-sols-afrique","status":"publish","type":"actualite","link":"https:\/\/fondation-farm.org\/en\/actualite\/inscription-table-ronde-sols-afrique\/","title":{"rendered":"REGISTRATION \u2013 Round table: \u201cPreserving soils in Africa: a fertile issue\u201d\u00a0"},"content":{"rendered":"<figure class=\"wp-block-image alignwide size-large\"><img loading=\"lazy\" decoding=\"async\" width=\"1024\" height=\"768\" src=\"https:\/\/fondation-farm.org\/wp-content\/uploads\/2023\/09\/Affiche-TR-Sols-octobre23-1024x768.jpg\" alt=\"able ronde co-organis\u00e9e par la Fondation FARM - Pr\u00e9server les sols en Afrique\u00a0: un enjeu fertile\u00a0 \" class=\"wp-image-12298\" srcset=\"https:\/\/fondation-farm.org\/wp-content\/uploads\/2023\/09\/Affiche-TR-Sols-octobre23-1024x768.jpg 1024w, https:\/\/fondation-farm.org\/wp-content\/uploads\/2023\/09\/Affiche-TR-Sols-octobre23-300x225.jpg 300w, https:\/\/fondation-farm.org\/wp-content\/uploads\/2023\/09\/Affiche-TR-Sols-octobre23-768x576.jpg 768w, https:\/\/fondation-farm.org\/wp-content\/uploads\/2023\/09\/Affiche-TR-Sols-octobre23-1536x1152.jpg 1536w, https:\/\/fondation-farm.org\/wp-content\/uploads\/2023\/09\/Affiche-TR-Sols-octobre23-2048x1536.jpg 2048w, https:\/\/fondation-farm.org\/wp-content\/uploads\/2023\/09\/Affiche-TR-Sols-octobre23-1500x1125.jpg 1500w, https:\/\/fondation-farm.org\/wp-content\/uploads\/2023\/09\/Affiche-TR-Sols-octobre23-2000x1500.jpg 2000w\" sizes=\"auto, (max-width: 1024px) 100vw, 1024px\" \/><\/figure>\n\n\n\n<p><strong>As part of the <a href=\"https:\/\/www.education.gouv.fr\/semaine-europeenne-du-developpement-durable-9416\">European Sustainable Development Week<\/a>, the FARM Foundation, Inter-r\u00e9seaux D\u00e9veloppement rural and the Cit\u00e9 du d\u00e9veloppement durable are organizing a round table on the theme of soil fertility in Africa on Monday, October 2, 2023, from 12 p.m. to 2 p.m. Come attend this event which will take place at the Cit\u00e9 du d\u00e9veloppement durable (Indochina Pavilion) and which will be followed by a cocktail reception.<\/strong><\/p>\n\n\n\n<p><b>FREE REGISTRATION: <\/b><strong>To follow remotely, <a href=\"https:\/\/forms.gle\/QaWXzDBkx82n8WZi9\">it&#039;s here <\/a>!<\/strong><\/p>\n\n\n\n<p><strong>Presentation : <\/strong>At a time when food sovereignty has returned to the centre of States&#039; concerns in a context of economic, climatic and geopolitical crises, <strong>Maintaining soil fertility in Africa is a key issue<\/strong> <strong>for all agricultural systems and a challenge to be taken into account in transitions<\/strong> <strong>family farming, in particular<\/strong>These are the pillars of local and global food security and food sovereignty. But land degradation due to unsustainable practices \u2013 as well as deforestation \u2013 compromises their short-term productivity and long-term sustainability.<\/p>\n\n\n\n<p>Organized as part of the <strong>sustainable development week, <\/strong>This 2-hour round table will explore the issues related to land fertility in achieving <a href=\"https:\/\/www.un.org\/sustainabledevelopment\/fr\/objectifs-de-developpement-durable\/\">SDGs<\/a>.<\/p>\n\n\n\n<p>What assessment can we make of the current state of soil fertility in Africa?<\/p>\n\n\n\n<p>What agricultural practices, particularly agroecological ones, can help restore and maintain it?<\/p>\n\n\n\n<p>What solutions exist for environmentally sustainable and economically manageable soil fertilization?<\/p>\n\n\n\n<p><strong>Five people will speak during this round table: <\/strong><\/p>\n\n\n\n<ul class=\"wp-block-list\">\n<li><strong>Paul Luu<\/strong>, Executive Secretary of the 4p1000 initiative<\/li>\n\n\n\n<li><strong>Julie Stoll<\/strong>, General Delegate of Fair Trade France<\/li>\n\n\n\n<li><strong>Marc Chapon<\/strong>, Togo-Benin coordinator, former Mali coordinator of Agronomists and Veterinarians Without Borders (AVSF)<\/li>\n\n\n\n<li><strong>Matthieu Le Grix<\/strong>, Head of the Agriculture, Rural Development and Biodiversity division at the French Development Agency (AFD)<\/li>\n\n\n\n<li><strong>Hubert Cochet<\/strong>, Lecturer-researcher in Comparative Agriculture at AgroParisTech <\/li>\n<\/ul>\n\n\n\n<p>This round table will be moderated by Olia Tayeb Cherif, head of studies at the fARM Foundation.<\/p>\n\n\n\n<p>You can follow this round table remotely: <strong><a href=\"https:\/\/forms.gle\/QaWXzDBkx82n8WZi9\">Remote registration via this form<\/a><\/strong><\/p>","protected":false},"excerpt":{"rendered":"<p>Come attend this round table co-organized by the FARM Foundation as part of Sustainable Development Week: \u201cPreserving soils in Africa: a fertile challenge\u201d\u00a0 <\/p>","protected":false},"featured_media":12298,"parent":0,"template":"","categorie":[57],"class_list":["post-12297","actualite","type-actualite","status-publish","has-post-thumbnail","hentry","categorie-autres"],"acf":[],"_links":{"self":[{"href":"https:\/\/fondation-farm.org\/en\/wp-json\/wp\/v2\/actualite\/12297","targetHints":{"allow":["GET"]}}],"collection":[{"href":"https:\/\/fondation-farm.org\/en\/wp-json\/wp\/v2\/actualite"}],"about":[{"href":"https:\/\/fondation-farm.org\/en\/wp-json\/wp\/v2\/types\/actualite"}],"version-history":[{"count":19,"href":"https:\/\/fondation-farm.org\/en\/wp-json\/wp\/v2\/actualite\/12297\/revisions"}],"predecessor-version":[{"id":12706,"href":"https:\/\/fondation-farm.org\/en\/wp-json\/wp\/v2\/actualite\/12297\/revisions\/12706"}],"wp:featuredmedia":[{"embeddable":true,"href":"https:\/\/fondation-farm.org\/en\/wp-json\/wp\/v2\/media\/12298"}],"wp:attachment":[{"href":"https:\/\/fondation-farm.org\/en\/wp-json\/wp\/v2\/media?parent=12297"}],"wp:term":[{"taxonomy":"categorie","embeddable":true,"href":"https:\/\/fondation-farm.org\/en\/wp-json\/wp\/v2\/categorie?post=12297"}],"curies":[{"name":"wp","href":"https:\/\/api.w.org\/{rel}","templated":true}]}}